{"id":333,"date":"2023-04-08T07:00:19","date_gmt":"2023-04-08T07:00:19","guid":{"rendered":"https:\/\/mar-y-olivos.com\/?p=333"},"modified":"2023-04-08T07:32:20","modified_gmt":"2023-04-08T07:32:20","slug":"catedral-de-agios-minas-%e1%bf%be%ce%b9%ce%b5%cf%81%cf%8c%cf%82-%ce%bc%ce%b7%cf%84%cf%81%ce%bf%cf%80%ce%bf%ce%bb%ce%b9%cf%84%ce%b9%ce%ba%cf%8c%cf%82-%ce%bd%ce%b1%cf%8c%cf%82-%e1%bf%be%ce%b1%ce%b3","status":"publish","type":"post","link":"https:\/\/mar-y-olivos.com\/?p=333","title":{"rendered":"Catedral de Agios Minas (\u1ffe\u0399\u03b5\u03c1\u03cc\u03c2 \u039c\u03b7\u03c4\u03c1\u03bf\u03c0\u03bf\u03bb\u03b9\u03c4\u03b9\u03ba\u03cc\u03c2 \u039d\u03b1\u03cc\u03c2 \u1ffe\u0391\u03b3\u03af\u03bf\u03c5 \u039c\u03b7\u03bd\u1fb6)"},"content":{"rendered":"\n<p>La Catedral de Agios Minas (\u1ffe\u0399\u03b5\u03c1\u03cc\u03c2 \u039c\u03b7\u03c4\u03c1\u03bf\u03c0\u03bf\u03bb\u03b9\u03c4\u03b9\u03ba\u03b9\u03c2 \u039d\u03b1\u03cc\u03c2 \u1ffe\u0391\u03b3\u03af\u03bf\u03c5 \u039c\u03b7\u03bd\u1fb6) es una catedral griega ortodoxa en Heraklion, que sirve como sede del Arzobispo de Creta. Est\u00e1 dedicado a Santa Menas, la m\u00e1rtir y trabajadora de las maravillas (285-309 dC), que es la patrona de Heraklion. Fue construido en el per\u00edodo de 1862-1895. La construcci\u00f3n se interrumpi\u00f3 durante la Revoluci\u00f3n de Creta de 1866-1869. La iglesia tiene una arquitectura cruciforme con una c\u00fapula central. El plano de planta de la iglesia tiene unas dimensiones m\u00e1ximas externas de 43,20 m de longitud y 29,50 de ancho. Una peque\u00f1a y antigua iglesia de Agios Minas se encuentra cerca de la catedral y tiene una superficie de 1.350 m2 y es la catedral m\u00e1s grande de Creta y una de las m\u00e1s grandes de Grecia. Una antigua y peque\u00f1a iglesia dedicada a Agios Minas se encuentra cerca de la catedral.<\/p>\n\n\n\n<figure class=\"wp-block-image size-large\"><img decoding=\"async\" loading=\"lazy\" width=\"1024\" height=\"682\" src=\"https:\/\/mar-y-olivos.com\/wp-content\/uploads\/2023\/04\/Catedral-3-1024x682.webp\" alt=\"\" class=\"wp-image-336\" srcset=\"https:\/\/mar-y-olivos.com\/wp-content\/uploads\/2023\/04\/Catedral-3-1024x682.webp 1024w, https:\/\/mar-y-olivos.com\/wp-content\/uploads\/2023\/04\/Catedral-3-300x200.webp 300w, https:\/\/mar-y-olivos.com\/wp-content\/uploads\/2023\/04\/Catedral-3-768x511.webp 768w, https:\/\/mar-y-olivos.com\/wp-content\/uploads\/2023\/04\/Catedral-3.webp 1280w\" sizes=\"(max-width: 706px) 89vw, (max-width: 767px) 82vw, 740px\" \/><\/figure>\n\n\n\n<figure class=\"wp-block-image size-large\"><img decoding=\"async\" loading=\"lazy\" width=\"1024\" height=\"768\" src=\"https:\/\/mar-y-olivos.com\/wp-content\/uploads\/2023\/04\/Catedral-4-1024x768.webp\" alt=\"\" class=\"wp-image-337\" srcset=\"https:\/\/mar-y-olivos.com\/wp-content\/uploads\/2023\/04\/Catedral-4-1024x768.webp 1024w, https:\/\/mar-y-olivos.com\/wp-content\/uploads\/2023\/04\/Catedral-4-300x225.webp 300w, https:\/\/mar-y-olivos.com\/wp-content\/uploads\/2023\/04\/Catedral-4-768x576.webp 768w, https:\/\/mar-y-olivos.com\/wp-content\/uploads\/2023\/04\/Catedral-4.webp 1280w\" sizes=\"(max-width: 706px) 89vw, (max-width: 767px) 82vw, 740px\" \/><\/figure>\n\n\n\n<figure class=\"wp-block-image size-full\"><img decoding=\"async\" loading=\"lazy\" width=\"800\" height=\"897\" src=\"https:\/\/mar-y-olivos.com\/wp-content\/uploads\/2023\/04\/Catedral-5.webp\" alt=\"\" class=\"wp-image-338\" srcset=\"https:\/\/mar-y-olivos.com\/wp-content\/uploads\/2023\/04\/Catedral-5.webp 800w, https:\/\/mar-y-olivos.com\/wp-content\/uploads\/2023\/04\/Catedral-5-268x300.webp 268w, https:\/\/mar-y-olivos.com\/wp-content\/uploads\/2023\/04\/Catedral-5-768x861.webp 768w\" sizes=\"(max-width: 706px) 89vw, (max-width: 767px) 82vw, 740px\" \/><\/figure>\n\n\n\n<div class=\"wp-block-query is-layout-flow\"><ul class=\"wp-block-post-template is-layout-flow\"><li class=\"wp-block-post post-322 post type-post status-publish format-standard has-post-thumbnail hentry category-agios-nikolaos tag-agios-nikolaos tag-arqueologia tag-folclore tag-museo tag-paisajes tag-productos-tipicos tag-puerto tag-tabernas\">\n\n<div class=\"wp-block-columns alignwide is-layout-flex wp-container-3\">\n<div class=\"wp-block-column is-layout-flow\" style=\"flex-basis:66.66%\"><figure class=\"wp-block-post-featured-image\"><a href=\"https:\/\/mar-y-olivos.com\/?p=322\" target=\"_self\"  ><img width=\"1024\" height=\"360\" src=\"https:\/\/mar-y-olivos.com\/wp-content\/uploads\/2023\/04\/Agios-01.webp\" class=\"attachment-post-thumbnail size-post-thumbnail wp-post-image\" alt=\"Agios Nicolaos (A\u03b3\u03b9\u03bf\u03c2 \u039d\u03b9\u03ba\u03cc\u03bb\u03b1\u03bf\u03c2)\" decoding=\"async\" loading=\"lazy\" srcset=\"https:\/\/mar-y-olivos.com\/wp-content\/uploads\/2023\/04\/Agios-01.webp 1024w, https:\/\/mar-y-olivos.com\/wp-content\/uploads\/2023\/04\/Agios-01-300x105.webp 300w, https:\/\/mar-y-olivos.com\/wp-content\/uploads\/2023\/04\/Agios-01-768x270.webp 768w\" sizes=\"100vw\" \/><\/a><\/figure><\/div>\n\n\n\n<div class=\"wp-block-column is-layout-flow\" style=\"flex-basis:33.33%\"><h2 class=\"wp-block-post-title\"><a href=\"https:\/\/mar-y-olivos.com\/?p=322\" target=\"_self\" >Agios Nicolaos (A\u03b3\u03b9\u03bf\u03c2 \u039d\u03b9\u03ba\u03cc\u03bb\u03b1\u03bf\u03c2)<\/a><\/h2>\n\n<div class=\"wp-block-post-excerpt\"><p class=\"wp-block-post-excerpt__excerpt\">&nbsp;Agios Nikolaos (en griego \u0386\u03b3\u03b9\u03bf\u03c2 \u039d\u03b9\u03ba\u03cc\u03bb\u03b1\u03bf\u03c2, \u00c1gios Nik\u00f3laos, \u00abSan Nicol\u00e1s\u00bb) es una peque\u00f1a ciudad y un municipio de la isla de Creta en Grecia. Es la capital de la unidad perif\u00e9rica de Lasithi. Est\u00e1 situado junto al mar, en la zona nororiental de Creta. En el a\u00f1o 2011 el municipio contaba con una poblaci\u00f3n de &hellip; <p class=\"link-more\"><a href=\"https:\/\/mar-y-olivos.com\/?p=322\" class=\"more-link\">Continue reading<span class=\"screen-reader-text\"> &#8220;Agios Nicolaos (A\u03b3\u03b9\u03bf\u03c2 \u039d\u03b9\u03ba\u03cc\u03bb\u03b1\u03bf\u03c2)&#8221;<\/span><\/a><\/p> <\/p><\/div><\/div>\n<\/div>\n\n<\/li><li class=\"wp-block-post post-333 post type-post status-publish format-standard has-post-thumbnail hentry category-catedral tag-catedral tag-heraklion\">\n\n<div class=\"wp-block-columns alignwide is-layout-flex wp-container-6\">\n<div class=\"wp-block-column is-layout-flow\" style=\"flex-basis:66.66%\"><figure class=\"wp-block-post-featured-image\"><a href=\"https:\/\/mar-y-olivos.com\/?p=333\" target=\"_self\"  ><img width=\"800\" height=\"640\" src=\"https:\/\/mar-y-olivos.com\/wp-content\/uploads\/2023\/04\/Catedral-1.webp\" class=\"attachment-post-thumbnail size-post-thumbnail wp-post-image\" alt=\"Catedral de Agios Minas (\u1ffe\u0399\u03b5\u03c1\u03cc\u03c2 \u039c\u03b7\u03c4\u03c1\u03bf\u03c0\u03bf\u03bb\u03b9\u03c4\u03b9\u03ba\u03cc\u03c2 \u039d\u03b1\u03cc\u03c2 \u1ffe\u0391\u03b3\u03af\u03bf\u03c5 \u039c\u03b7\u03bd\u1fb6)\" decoding=\"async\" loading=\"lazy\" srcset=\"https:\/\/mar-y-olivos.com\/wp-content\/uploads\/2023\/04\/Catedral-1.webp 800w, https:\/\/mar-y-olivos.com\/wp-content\/uploads\/2023\/04\/Catedral-1-300x240.webp 300w, https:\/\/mar-y-olivos.com\/wp-content\/uploads\/2023\/04\/Catedral-1-768x614.webp 768w\" sizes=\"100vw\" \/><\/a><\/figure><\/div>\n\n\n\n<div class=\"wp-block-column is-layout-flow\" style=\"flex-basis:33.33%\"><h2 class=\"wp-block-post-title\"><a href=\"https:\/\/mar-y-olivos.com\/?p=333\" target=\"_self\" >Catedral de Agios Minas (\u1ffe\u0399\u03b5\u03c1\u03cc\u03c2 \u039c\u03b7\u03c4\u03c1\u03bf\u03c0\u03bf\u03bb\u03b9\u03c4\u03b9\u03ba\u03cc\u03c2 \u039d\u03b1\u03cc\u03c2 \u1ffe\u0391\u03b3\u03af\u03bf\u03c5 \u039c\u03b7\u03bd\u1fb6)<\/a><\/h2>\n\n<div class=\"wp-block-post-excerpt\"><p class=\"wp-block-post-excerpt__excerpt\">La Catedral de Agios Minas (\u1ffe\u0399\u03b5\u03c1\u03cc\u03c2 \u039c\u03b7\u03c4\u03c1\u03bf\u03c0\u03bf\u03bb\u03b9\u03c4\u03b9\u03ba\u03b9\u03c2 \u039d\u03b1\u03cc\u03c2 \u1ffe\u0391\u03b3\u03af\u03bf\u03c5 \u039c\u03b7\u03bd\u1fb6) es una catedral griega ortodoxa en Heraklion, que sirve como sede del Arzobispo de Creta. Est\u00e1 dedicado a Santa Menas, la m\u00e1rtir y trabajadora de las maravillas (285-309 dC), que es la patrona de Heraklion. Fue construido en el per\u00edodo de 1862-1895. La construcci\u00f3n se &hellip; <p class=\"link-more\"><a href=\"https:\/\/mar-y-olivos.com\/?p=333\" class=\"more-link\">Continue reading<span class=\"screen-reader-text\"> &#8220;Catedral de Agios Minas (\u1ffe\u0399\u03b5\u03c1\u03cc\u03c2 \u039c\u03b7\u03c4\u03c1\u03bf\u03c0\u03bf\u03bb\u03b9\u03c4\u03b9\u03ba\u03cc\u03c2 \u039d\u03b1\u03cc\u03c2 \u1ffe\u0391\u03b3\u03af\u03bf\u03c5 \u039c\u03b7\u03bd\u1fb6)&#8221;<\/span><\/a><\/p> <\/p><\/div><\/div>\n<\/div>\n\n<\/li><\/ul><\/div>\n","protected":false},"excerpt":{"rendered":"<p>La Catedral de Agios Minas (\u1ffe\u0399\u03b5\u03c1\u03cc\u03c2 \u039c\u03b7\u03c4\u03c1\u03bf\u03c0\u03bf\u03bb\u03b9\u03c4\u03b9\u03ba\u03b9\u03c2 \u039d\u03b1\u03cc\u03c2 \u1ffe\u0391\u03b3\u03af\u03bf\u03c5 \u039c\u03b7\u03bd\u1fb6) es una catedral griega ortodoxa en Heraklion, que sirve como sede del Arzobispo de Creta. Est\u00e1 dedicado a Santa Menas, la m\u00e1rtir y trabajadora de las maravillas (285-309 dC), que es la patrona de Heraklion. Fue construido en el per\u00edodo de 1862-1895. La construcci\u00f3n se &hellip; <\/p>\n<p class=\"link-more\"><a href=\"https:\/\/mar-y-olivos.com\/?p=333\" class=\"more-link\">Continue reading<span class=\"screen-reader-text\"> &#8220;Catedral de Agios Minas (\u1ffe\u0399\u03b5\u03c1\u03cc\u03c2 \u039c\u03b7\u03c4\u03c1\u03bf\u03c0\u03bf\u03bb\u03b9\u03c4\u03b9\u03ba\u03cc\u03c2 \u039d\u03b1\u03cc\u03c2 \u1ffe\u0391\u03b3\u03af\u03bf\u03c5 \u039c\u03b7\u03bd\u1fb6)&#8221;<\/span><\/a><\/p>\n","protected":false},"author":1,"featured_media":334,"comment_status":"open","ping_status":"open","sticky":false,"template":"","format":"standard","meta":{"_uag_custom_page_level_css":""},"categories":[16],"tags":[14,15],"yoast_head":"<!-- This site is optimized with the Yoast SEO plugin v20.4 - https:\/\/yoast.com\/wordpress\/plugins\/seo\/ -->\n<title>Catedral de Agios Minas (\u1ffe\u0399\u03b5\u03c1\u03cc\u03c2 \u039c\u03b7\u03c4\u03c1\u03bf\u03c0\u03bf\u03bb\u03b9\u03c4\u03b9\u03ba\u03cc\u03c2 \u039d\u03b1\u03cc\u03c2 \u1ffe\u0391\u03b3\u03af\u03bf\u03c5 \u039c\u03b7\u03bd\u1fb6) - Bienvenido a MAR &amp; OLIVOS<\/title>\n<meta name=\"robots\" content=\"index, follow, max-snippet:-1, max-image-preview:large, max-video-preview:-1\" \/>\n<link rel=\"canonical\" href=\"https:\/\/mar-y-olivos.com\/?p=333\" \/>\n<meta property=\"og:locale\" content=\"en_US\" \/>\n<meta property=\"og:type\" content=\"article\" \/>\n<meta property=\"og:title\" content=\"Catedral de Agios Minas (\u1ffe\u0399\u03b5\u03c1\u03cc\u03c2 \u039c\u03b7\u03c4\u03c1\u03bf\u03c0\u03bf\u03bb\u03b9\u03c4\u03b9\u03ba\u03cc\u03c2 \u039d\u03b1\u03cc\u03c2 \u1ffe\u0391\u03b3\u03af\u03bf\u03c5 \u039c\u03b7\u03bd\u1fb6) - Bienvenido a MAR &amp; OLIVOS\" \/>\n<meta property=\"og:description\" content=\"La Catedral de Agios Minas (\u1ffe\u0399\u03b5\u03c1\u03cc\u03c2 \u039c\u03b7\u03c4\u03c1\u03bf\u03c0\u03bf\u03bb\u03b9\u03c4\u03b9\u03ba\u03b9\u03c2 \u039d\u03b1\u03cc\u03c2 \u1ffe\u0391\u03b3\u03af\u03bf\u03c5 \u039c\u03b7\u03bd\u1fb6) es una catedral griega ortodoxa en Heraklion, que sirve como sede del Arzobispo de Creta. Est\u00e1 dedicado a Santa Menas, la m\u00e1rtir y trabajadora de las maravillas (285-309 dC), que es la patrona de Heraklion. Fue construido en el per\u00edodo de 1862-1895. La construcci\u00f3n se &hellip; Continue reading &quot;Catedral de Agios Minas (\u1ffe\u0399\u03b5\u03c1\u03cc\u03c2 \u039c\u03b7\u03c4\u03c1\u03bf\u03c0\u03bf\u03bb\u03b9\u03c4\u03b9\u03ba\u03cc\u03c2 \u039d\u03b1\u03cc\u03c2 \u1ffe\u0391\u03b3\u03af\u03bf\u03c5 \u039c\u03b7\u03bd\u1fb6)&quot;\" \/>\n<meta property=\"og:url\" content=\"https:\/\/mar-y-olivos.com\/?p=333\" \/>\n<meta property=\"og:site_name\" content=\"Bienvenido a MAR &amp; OLIVOS\" \/>\n<meta property=\"article:published_time\" content=\"2023-04-08T07:00:19+00:00\" \/>\n<meta property=\"article:modified_time\" content=\"2023-04-08T07:32:20+00:00\" \/>\n<meta property=\"og:image\" content=\"https:\/\/mar-y-olivos.com\/wp-content\/uploads\/2023\/04\/Catedral-1.webp\" \/>\n\t<meta property=\"og:image:width\" content=\"800\" \/>\n\t<meta property=\"og:image:height\" content=\"640\" \/>\n\t<meta property=\"og:image:type\" content=\"image\/webp\" \/>\n<meta name=\"author\" content=\"mar.and.olivos\" \/>\n<meta name=\"twitter:card\" content=\"summary_large_image\" \/>\n<meta name=\"twitter:label1\" content=\"Written by\" \/>\n\t<meta name=\"twitter:data1\" content=\"mar.and.olivos\" \/>\n\t<meta name=\"twitter:label2\" content=\"Est. reading time\" \/>\n\t<meta name=\"twitter:data2\" content=\"2 minutes\" \/>\n<script type=\"application\/ld+json\" class=\"yoast-schema-graph\">{\"@context\":\"https:\/\/schema.org\",\"@graph\":[{\"@type\":\"WebPage\",\"@id\":\"https:\/\/mar-y-olivos.com\/?p=333\",\"url\":\"https:\/\/mar-y-olivos.com\/?p=333\",\"name\":\"Catedral de Agios Minas (\u1ffe\u0399\u03b5\u03c1\u03cc\u03c2 \u039c\u03b7\u03c4\u03c1\u03bf\u03c0\u03bf\u03bb\u03b9\u03c4\u03b9\u03ba\u03cc\u03c2 \u039d\u03b1\u03cc\u03c2 \u1ffe\u0391\u03b3\u03af\u03bf\u03c5 \u039c\u03b7\u03bd\u1fb6) - Bienvenido a MAR &amp; OLIVOS\",\"isPartOf\":{\"@id\":\"https:\/\/mar-y-olivos.com\/#website\"},\"datePublished\":\"2023-04-08T07:00:19+00:00\",\"dateModified\":\"2023-04-08T07:32:20+00:00\",\"author\":{\"@id\":\"https:\/\/mar-y-olivos.com\/#\/schema\/person\/5ca91c23961a01a18bb4cc704dd95def\"},\"breadcrumb\":{\"@id\":\"https:\/\/mar-y-olivos.com\/?p=333#breadcrumb\"},\"inLanguage\":\"en-US\",\"potentialAction\":[{\"@type\":\"ReadAction\",\"target\":[\"https:\/\/mar-y-olivos.com\/?p=333\"]}]},{\"@type\":\"BreadcrumbList\",\"@id\":\"https:\/\/mar-y-olivos.com\/?p=333#breadcrumb\",\"itemListElement\":[{\"@type\":\"ListItem\",\"position\":1,\"name\":\"Portada\",\"item\":\"https:\/\/mar-y-olivos.com\/\"},{\"@type\":\"ListItem\",\"position\":2,\"name\":\"Catedral de Agios Minas (\u1ffe\u0399\u03b5\u03c1\u03cc\u03c2 \u039c\u03b7\u03c4\u03c1\u03bf\u03c0\u03bf\u03bb\u03b9\u03c4\u03b9\u03ba\u03cc\u03c2 \u039d\u03b1\u03cc\u03c2 \u1ffe\u0391\u03b3\u03af\u03bf\u03c5 \u039c\u03b7\u03bd\u1fb6)\"}]},{\"@type\":\"WebSite\",\"@id\":\"https:\/\/mar-y-olivos.com\/#website\",\"url\":\"https:\/\/mar-y-olivos.com\/\",\"name\":\"Bienvenido a MAR &amp; OLIVOS\",\"description\":\"\",\"potentialAction\":[{\"@type\":\"SearchAction\",\"target\":{\"@type\":\"EntryPoint\",\"urlTemplate\":\"https:\/\/mar-y-olivos.com\/?s={search_term_string}\"},\"query-input\":\"required name=search_term_string\"}],\"inLanguage\":\"en-US\"},{\"@type\":\"Person\",\"@id\":\"https:\/\/mar-y-olivos.com\/#\/schema\/person\/5ca91c23961a01a18bb4cc704dd95def\",\"name\":\"mar.and.olivos\",\"image\":{\"@type\":\"ImageObject\",\"inLanguage\":\"en-US\",\"@id\":\"https:\/\/mar-y-olivos.com\/#\/schema\/person\/image\/\",\"url\":\"https:\/\/secure.gravatar.com\/avatar\/1a611f232aaa73acc024dbfe693d55ff?s=96&d=mm&r=g\",\"contentUrl\":\"https:\/\/secure.gravatar.com\/avatar\/1a611f232aaa73acc024dbfe693d55ff?s=96&d=mm&r=g\",\"caption\":\"mar.and.olivos\"},\"sameAs\":[\"https:\/\/mar-y-olivos.com\"],\"url\":\"https:\/\/mar-y-olivos.com\/?author=1\"}]}<\/script>\n<!-- \/ Yoast SEO plugin. -->","yoast_head_json":{"title":"Catedral de Agios Minas (\u1ffe\u0399\u03b5\u03c1\u03cc\u03c2 \u039c\u03b7\u03c4\u03c1\u03bf\u03c0\u03bf\u03bb\u03b9\u03c4\u03b9\u03ba\u03cc\u03c2 \u039d\u03b1\u03cc\u03c2 \u1ffe\u0391\u03b3\u03af\u03bf\u03c5 \u039c\u03b7\u03bd\u1fb6) - Bienvenido a MAR &amp; OLIVOS","robots":{"index":"index","follow":"follow","max-snippet":"max-snippet:-1","max-image-preview":"max-image-preview:large","max-video-preview":"max-video-preview:-1"},"canonical":"https:\/\/mar-y-olivos.com\/?p=333","og_locale":"en_US","og_type":"article","og_title":"Catedral de Agios Minas (\u1ffe\u0399\u03b5\u03c1\u03cc\u03c2 \u039c\u03b7\u03c4\u03c1\u03bf\u03c0\u03bf\u03bb\u03b9\u03c4\u03b9\u03ba\u03cc\u03c2 \u039d\u03b1\u03cc\u03c2 \u1ffe\u0391\u03b3\u03af\u03bf\u03c5 \u039c\u03b7\u03bd\u1fb6) - Bienvenido a MAR &amp; OLIVOS","og_description":"La Catedral de Agios Minas (\u1ffe\u0399\u03b5\u03c1\u03cc\u03c2 \u039c\u03b7\u03c4\u03c1\u03bf\u03c0\u03bf\u03bb\u03b9\u03c4\u03b9\u03ba\u03b9\u03c2 \u039d\u03b1\u03cc\u03c2 \u1ffe\u0391\u03b3\u03af\u03bf\u03c5 \u039c\u03b7\u03bd\u1fb6) es una catedral griega ortodoxa en Heraklion, que sirve como sede del Arzobispo de Creta. Est\u00e1 dedicado a Santa Menas, la m\u00e1rtir y trabajadora de las maravillas (285-309 dC), que es la patrona de Heraklion. Fue construido en el per\u00edodo de 1862-1895. La construcci\u00f3n se &hellip; Continue reading \"Catedral de Agios Minas (\u1ffe\u0399\u03b5\u03c1\u03cc\u03c2 \u039c\u03b7\u03c4\u03c1\u03bf\u03c0\u03bf\u03bb\u03b9\u03c4\u03b9\u03ba\u03cc\u03c2 \u039d\u03b1\u03cc\u03c2 \u1ffe\u0391\u03b3\u03af\u03bf\u03c5 \u039c\u03b7\u03bd\u1fb6)\"","og_url":"https:\/\/mar-y-olivos.com\/?p=333","og_site_name":"Bienvenido a MAR &amp; OLIVOS","article_published_time":"2023-04-08T07:00:19+00:00","article_modified_time":"2023-04-08T07:32:20+00:00","og_image":[{"width":800,"height":640,"url":"https:\/\/mar-y-olivos.com\/wp-content\/uploads\/2023\/04\/Catedral-1.webp","type":"image\/webp"}],"author":"mar.and.olivos","twitter_card":"summary_large_image","twitter_misc":{"Written by":"mar.and.olivos","Est. reading time":"2 minutes"},"schema":{"@context":"https:\/\/schema.org","@graph":[{"@type":"WebPage","@id":"https:\/\/mar-y-olivos.com\/?p=333","url":"https:\/\/mar-y-olivos.com\/?p=333","name":"Catedral de Agios Minas (\u1ffe\u0399\u03b5\u03c1\u03cc\u03c2 \u039c\u03b7\u03c4\u03c1\u03bf\u03c0\u03bf\u03bb\u03b9\u03c4\u03b9\u03ba\u03cc\u03c2 \u039d\u03b1\u03cc\u03c2 \u1ffe\u0391\u03b3\u03af\u03bf\u03c5 \u039c\u03b7\u03bd\u1fb6) - Bienvenido a MAR &amp; OLIVOS","isPartOf":{"@id":"https:\/\/mar-y-olivos.com\/#website"},"datePublished":"2023-04-08T07:00:19+00:00","dateModified":"2023-04-08T07:32:20+00:00","author":{"@id":"https:\/\/mar-y-olivos.com\/#\/schema\/person\/5ca91c23961a01a18bb4cc704dd95def"},"breadcrumb":{"@id":"https:\/\/mar-y-olivos.com\/?p=333#breadcrumb"},"inLanguage":"en-US","potentialAction":[{"@type":"ReadAction","target":["https:\/\/mar-y-olivos.com\/?p=333"]}]},{"@type":"BreadcrumbList","@id":"https:\/\/mar-y-olivos.com\/?p=333#breadcrumb","itemListElement":[{"@type":"ListItem","position":1,"name":"Portada","item":"https:\/\/mar-y-olivos.com\/"},{"@type":"ListItem","position":2,"name":"Catedral de Agios Minas (\u1ffe\u0399\u03b5\u03c1\u03cc\u03c2 \u039c\u03b7\u03c4\u03c1\u03bf\u03c0\u03bf\u03bb\u03b9\u03c4\u03b9\u03ba\u03cc\u03c2 \u039d\u03b1\u03cc\u03c2 \u1ffe\u0391\u03b3\u03af\u03bf\u03c5 \u039c\u03b7\u03bd\u1fb6)"}]},{"@type":"WebSite","@id":"https:\/\/mar-y-olivos.com\/#website","url":"https:\/\/mar-y-olivos.com\/","name":"Bienvenido a MAR &amp; OLIVOS","description":"","potentialAction":[{"@type":"SearchAction","target":{"@type":"EntryPoint","urlTemplate":"https:\/\/mar-y-olivos.com\/?s={search_term_string}"},"query-input":"required name=search_term_string"}],"inLanguage":"en-US"},{"@type":"Person","@id":"https:\/\/mar-y-olivos.com\/#\/schema\/person\/5ca91c23961a01a18bb4cc704dd95def","name":"mar.and.olivos","image":{"@type":"ImageObject","inLanguage":"en-US","@id":"https:\/\/mar-y-olivos.com\/#\/schema\/person\/image\/","url":"https:\/\/secure.gravatar.com\/avatar\/1a611f232aaa73acc024dbfe693d55ff?s=96&d=mm&r=g","contentUrl":"https:\/\/secure.gravatar.com\/avatar\/1a611f232aaa73acc024dbfe693d55ff?s=96&d=mm&r=g","caption":"mar.and.olivos"},"sameAs":["https:\/\/mar-y-olivos.com"],"url":"https:\/\/mar-y-olivos.com\/?author=1"}]}},"uagb_featured_image_src":{"full":["https:\/\/mar-y-olivos.com\/wp-content\/uploads\/2023\/04\/Catedral-1.webp",800,640,false],"thumbnail":["https:\/\/mar-y-olivos.com\/wp-content\/uploads\/2023\/04\/Catedral-1-150x150.webp",150,150,true],"medium":["https:\/\/mar-y-olivos.com\/wp-content\/uploads\/2023\/04\/Catedral-1-300x240.webp",300,240,true],"medium_large":["https:\/\/mar-y-olivos.com\/wp-content\/uploads\/2023\/04\/Catedral-1-768x614.webp",525,420,true],"large":["https:\/\/mar-y-olivos.com\/wp-content\/uploads\/2023\/04\/Catedral-1.webp",525,420,false],"1536x1536":["https:\/\/mar-y-olivos.com\/wp-content\/uploads\/2023\/04\/Catedral-1.webp",800,640,false],"2048x2048":["https:\/\/mar-y-olivos.com\/wp-content\/uploads\/2023\/04\/Catedral-1.webp",800,640,false],"twentyseventeen-featured-image":["https:\/\/mar-y-olivos.com\/wp-content\/uploads\/2023\/04\/Catedral-1.webp",800,640,false],"twentyseventeen-thumbnail-avatar":["https:\/\/mar-y-olivos.com\/wp-content\/uploads\/2023\/04\/Catedral-1-100x100.webp",100,100,true]},"uagb_author_info":{"display_name":"mar.and.olivos","author_link":"https:\/\/mar-y-olivos.com\/?author=1"},"uagb_comment_info":0,"uagb_excerpt":"La Catedral de Agios Minas (\u1ffe\u0399\u03b5\u03c1\u03cc\u03c2 \u039c\u03b7\u03c4\u03c1\u03bf\u03c0\u03bf\u03bb\u03b9\u03c4\u03b9\u03ba\u03b9\u03c2 \u039d\u03b1\u03cc\u03c2 \u1ffe\u0391\u03b3\u03af\u03bf\u03c5 \u039c\u03b7\u03bd\u1fb6) es una catedral griega ortodoxa en Heraklion, que sirve como sede del Arzobispo de Creta. Est\u00e1 dedicado a Santa Menas, la m\u00e1rtir y trabajadora de las maravillas (285-309 dC), que es la patrona de Heraklion. Fue construido en el per\u00edodo de 1862-1895. La construcci\u00f3n se&hellip;","_links":{"self":[{"href":"https:\/\/mar-y-olivos.com\/index.php?rest_route=\/wp\/v2\/posts\/333"}],"collection":[{"href":"https:\/\/mar-y-olivos.com\/index.php?rest_route=\/wp\/v2\/posts"}],"about":[{"href":"https:\/\/mar-y-olivos.com\/index.php?rest_route=\/wp\/v2\/types\/post"}],"author":[{"embeddable":true,"href":"https:\/\/mar-y-olivos.com\/index.php?rest_route=\/wp\/v2\/users\/1"}],"replies":[{"embeddable":true,"href":"https:\/\/mar-y-olivos.com\/index.php?rest_route=%2Fwp%2Fv2%2Fcomments&post=333"}],"version-history":[{"count":4,"href":"https:\/\/mar-y-olivos.com\/index.php?rest_route=\/wp\/v2\/posts\/333\/revisions"}],"predecessor-version":[{"id":353,"href":"https:\/\/mar-y-olivos.com\/index.php?rest_route=\/wp\/v2\/posts\/333\/revisions\/353"}],"wp:featuredmedia":[{"embeddable":true,"href":"https:\/\/mar-y-olivos.com\/index.php?rest_route=\/wp\/v2\/media\/334"}],"wp:attachment":[{"href":"https:\/\/mar-y-olivos.com\/index.php?rest_route=%2Fwp%2Fv2%2Fmedia&parent=333"}],"wp:term":[{"taxonomy":"category","embeddable":true,"href":"https:\/\/mar-y-olivos.com\/index.php?rest_route=%2Fwp%2Fv2%2Fcategories&post=333"},{"taxonomy":"post_tag","embeddable":true,"href":"https:\/\/mar-y-olivos.com\/index.php?rest_route=%2Fwp%2Fv2%2Ftags&post=333"}],"curies":[{"name":"wp","href":"https:\/\/api.w.org\/{rel}","templated":true}]}}